
{"id":9554,"date":"2024-08-07T03:00:00","date_gmt":"2024-08-07T01:00:00","guid":{"rendered":"https:\/\/instanteca.profepaco.es\/?p=9554"},"modified":"2024-08-07T03:00:00","modified_gmt":"2024-08-07T01:00:00","slug":"presentimiento","status":"publish","type":"post","link":"https:\/\/instanteca.profepaco.es\/?p=9554","title":{"rendered":"Presentimiento"},"content":{"rendered":"<p>Los granos del tiempo van cayendo al desierto de los instantes vividos con un ritmo imparable. Acaso parece que, a veces, de tanto en tanto, alguno se distingue porque tiembla, o brilla, o se resiste a descender al almac\u00e9n del pasado.<\/p>\n<p> Tarde o temprano, no sin un poco de suspense, cae de todos modos, como fruta madura que se abandona a la gravedad de la f\u00edsica que gobierna los cuerpos.<\/p>\n<p> A primera vista se pierde entre los otros tantos que all\u00ed derivan hacia el olvido extenso. Pero si nos fijamos \u0097y de eso trata la vida, de sentir cada latido\u0097 a\u00fan despu\u00e9s de ca\u00eddo sigue haciendo ruido en nuestro coraz\u00f3n.<\/p>\n<p> Es hermoso rescatarlo y verlo resplandecer a la ca\u00edda del sol, cuando la noche se hace humana y abre sus mil ojos interiores que todo lo ven, para disfrutar dos veces con su brillo; porque se activa, radiante, la br\u00fajula del recuerdo, que siempre se\u00f1ala hacia donde he vivido. Y porque, adem\u00e1s, saber que mi memoria no est\u00e1 vac\u00eda, me ensancha un poquito el pecho y me ayuda a creer que, alguna vez, no estuve solo en alg\u00fan universo.<\/p>\n<p> Me alejo con la mirada perdida, una vez m\u00e1s, envuelto en instantes impensables que siempre me llegan de cinco en cinco, sin poder evitar que me invada un pensamiento continuo, tierno y agridulce, imposible y sin sentido.<\/p>\n<p> Porque mientras mis manos rozan la memoria de tu piel, no deja de morderme la pena de que t\u00fa no puedas entrar en mi cabeza y contemplarte as\u00ed, v\u00edvida y refulgente, del modo en que yo te recuerdo antes de ponerme a escribir. Te gustar\u00eda verte \u0097tengo ese presentimiento\u0097 casi tanto como me gusta a m\u00ed.<\/p>\n","protected":false},"excerpt":{"rendered":"<p>Los granos del tiempo van cayendo al desierto de los instantes vividos con un ritmo imparable. Acaso parece que, a veces, de tanto en tanto, alguno se distingue porque tiembla, o brilla, o se resiste a descender al almac\u00e9n del pasado. Tarde o temprano, no sin un poco de suspense, cae de todos modos, como [&hellip;]<\/p>\n","protected":false},"author":1,"featured_media":9762,"comment_status":"open","ping_status":"open","sticky":false,"template":"","format":"standard","meta":{"footnotes":""},"categories":[659],"tags":[],"class_list":["post-9554","post","type-post","status-publish","format-standard","has-post-thumbnail","hentry","category-preludio","post-preview"],"_links":{"self":[{"href":"https:\/\/instanteca.profepaco.es\/index.php?rest_route=\/wp\/v2\/posts\/9554","targetHints":{"allow":["GET"]}}],"collection":[{"href":"https:\/\/instanteca.profepaco.es\/index.php?rest_route=\/wp\/v2\/posts"}],"about":[{"href":"https:\/\/instanteca.profepaco.es\/index.php?rest_route=\/wp\/v2\/types\/post"}],"author":[{"embeddable":true,"href":"https:\/\/instanteca.profepaco.es\/index.php?rest_route=\/wp\/v2\/users\/1"}],"replies":[{"embeddable":true,"href":"https:\/\/instanteca.profepaco.es\/index.php?rest_route=%2Fwp%2Fv2%2Fcomments&post=9554"}],"version-history":[{"count":0,"href":"https:\/\/instanteca.profepaco.es\/index.php?rest_route=\/wp\/v2\/posts\/9554\/revisions"}],"wp:featuredmedia":[{"embeddable":true,"href":"https:\/\/instanteca.profepaco.es\/index.php?rest_route=\/wp\/v2\/media\/9762"}],"wp:attachment":[{"href":"https:\/\/instanteca.profepaco.es\/index.php?rest_route=%2Fwp%2Fv2%2Fmedia&parent=9554"}],"wp:term":[{"taxonomy":"category","embeddable":true,"href":"https:\/\/instanteca.profepaco.es\/index.php?rest_route=%2Fwp%2Fv2%2Fcategories&post=9554"},{"taxonomy":"post_tag","embeddable":true,"href":"https:\/\/instanteca.profepaco.es\/index.php?rest_route=%2Fwp%2Fv2%2Ftags&post=9554"}],"curies":[{"name":"wp","href":"https:\/\/api.w.org\/{rel}","templated":true}]}}