
{"id":9549,"date":"2024-08-12T03:00:00","date_gmt":"2024-08-12T01:00:00","guid":{"rendered":"https:\/\/instanteca.profepaco.es\/?p=9549"},"modified":"2024-08-12T03:00:00","modified_gmt":"2024-08-12T01:00:00","slug":"si-me-vieses","status":"publish","type":"post","link":"https:\/\/instanteca.profepaco.es\/?p=9549","title":{"rendered":"Si me vieses"},"content":{"rendered":"<p>Si me vieses dar vueltas por la casa, pasearme en pijama por el patio y mirar a la luna del cielo entornando un poquito los ojos, podr\u00edas pensar que estoy loco.<\/p>\n<p> Tal vez lo est\u00e9, qui\u00e9n sabe, y este insomnio recurrente sea el s\u00edntoma esencial de una mente quebradiza. Pero yo hago lo que puedo, ceno poco, leo algo y dejo que el amodorramiento solitario me lleve hasta la escena del sof\u00e1.<\/p>\n<p> Pero, qu\u00e9 va. Subo las escaleras con un ojillo cerrado y el otro a medio abrir, con la voluntad desconectada y el cuerpo pidiendo tregua, bostezo va, bostezo viene. Entonces parece que va a llegar el lapsus diario de la conciencia y consigo, a duras penas, ponerme horizontal sobre la cama.<\/p>\n<p> Falsa alarma. Se me abren los ojos de par en par y no consigo estarme quieto ni quitarme de la cabeza todo lo que hice hoy y lo que dej\u00e9 para ma\u00f1ana. Me levanto, vuelvo al sal\u00f3n, a la cocina, recorro la casa como alma en pena que no quiere hacer ruido para no dar l\u00e1stima.<\/p>\n<p> Bajo al patio y busco la luna, aguant\u00e1ndome las ganas de aullar por respeto a los vecinos y al qu\u00e9 dir\u00e1n. Y aunque me resisto todo lo que puedo, acabo en el ordenador, compa\u00f1ero de horas brujas, tecleando como un poseso, historias que empiezan en verso y acaban en duda.<\/p>\n<p> Lleno de m\u00fasica mis o\u00eddos y dejo resbalar los dedos por el teclado, mezclando realidad y ficci\u00f3n, renglones largos y cortos, ocupando todo el ancho de banda de mi vida con una pantalla blanca que se va llenando a trozos.<\/p>\n<p> Y nada m\u00e1s. De tanto en tanto, vuelvo a la cama a ver si se me cierran los ojos, hasta que, sin poder predecir cuando, uno de esos regresos es el bueno.<\/p>\n<p> Ahora voy intentarlo de nuevo. Apagar\u00e9 las luces y subir\u00e9, como un fantasma, arrastrando los pies y suspirando. Dejo el ordenador encendido por si acaso, aunque est\u00e1 visto que hoy no estoy nada inspirado y s\u00f3lo he conseguido escribir, una historia que no tiene fin, ni tampoco tiene principio.<\/p>\n","protected":false},"excerpt":{"rendered":"<p>Si me vieses dar vueltas por la casa, pasearme en pijama por el patio y mirar a la luna del cielo entornando un poquito los ojos, podr\u00edas pensar que estoy loco. Tal vez lo est\u00e9, qui\u00e9n sabe, y este insomnio recurrente sea el s\u00edntoma esencial de una mente quebradiza. Pero yo hago lo que puedo, [&hellip;]<\/p>\n","protected":false},"author":1,"featured_media":9738,"comment_status":"open","ping_status":"open","sticky":false,"template":"","format":"standard","meta":{"footnotes":""},"categories":[659],"tags":[],"class_list":["post-9549","post","type-post","status-publish","format-standard","has-post-thumbnail","hentry","category-preludio","post-preview"],"_links":{"self":[{"href":"https:\/\/instanteca.profepaco.es\/index.php?rest_route=\/wp\/v2\/posts\/9549","targetHints":{"allow":["GET"]}}],"collection":[{"href":"https:\/\/instanteca.profepaco.es\/index.php?rest_route=\/wp\/v2\/posts"}],"about":[{"href":"https:\/\/instanteca.profepaco.es\/index.php?rest_route=\/wp\/v2\/types\/post"}],"author":[{"embeddable":true,"href":"https:\/\/instanteca.profepaco.es\/index.php?rest_route=\/wp\/v2\/users\/1"}],"replies":[{"embeddable":true,"href":"https:\/\/instanteca.profepaco.es\/index.php?rest_route=%2Fwp%2Fv2%2Fcomments&post=9549"}],"version-history":[{"count":0,"href":"https:\/\/instanteca.profepaco.es\/index.php?rest_route=\/wp\/v2\/posts\/9549\/revisions"}],"wp:featuredmedia":[{"embeddable":true,"href":"https:\/\/instanteca.profepaco.es\/index.php?rest_route=\/wp\/v2\/media\/9738"}],"wp:attachment":[{"href":"https:\/\/instanteca.profepaco.es\/index.php?rest_route=%2Fwp%2Fv2%2Fmedia&parent=9549"}],"wp:term":[{"taxonomy":"category","embeddable":true,"href":"https:\/\/instanteca.profepaco.es\/index.php?rest_route=%2Fwp%2Fv2%2Fcategories&post=9549"},{"taxonomy":"post_tag","embeddable":true,"href":"https:\/\/instanteca.profepaco.es\/index.php?rest_route=%2Fwp%2Fv2%2Ftags&post=9549"}],"curies":[{"name":"wp","href":"https:\/\/api.w.org\/{rel}","templated":true}]}}